{"id":8986,"date":"2024-12-11T19:12:48","date_gmt":"2024-12-11T18:12:48","guid":{"rendered":"https:\/\/plateformes-de-veille.org\/index.php\/2024\/12\/11\/presidentielle-annulee-en-roumanie-au-dela-de-tiktok-la-campagne-de-desinformation-a-egalement-ete-active-sur-facebook\/"},"modified":"2024-12-11T19:12:48","modified_gmt":"2024-12-11T18:12:48","slug":"presidentielle-annulee-en-roumanie-au-dela-de-tiktok-la-campagne-de-desinformation-a-egalement-ete-active-sur-facebook","status":"publish","type":"post","link":"https:\/\/plateformes-de-veille.org\/index.php\/2024\/12\/11\/presidentielle-annulee-en-roumanie-au-dela-de-tiktok-la-campagne-de-desinformation-a-egalement-ete-active-sur-facebook\/","title":{"rendered":"Pr\u00e9sidentielle annul\u00e9e en Roumanie : Au-del\u00e0 de TikTok, la campagne de d\u00e9sinformation a \u00e9galement \u00e9t\u00e9 active sur Facebook"},"content":{"rendered":"<p>Source : Flux rss &#8211; Veille m\u00e9tier MB via documentation-renseignements on Inoreader<\/p>\n<p><a href=\"https:\/\/www.francetvinfo.fr\/replay-radio\/le-vrai-du-faux\/presidentielle-annulee-en-roumanie-au-dela-de-tiktok-la-campagne-de-desinformation-a-egalement-ete-active-sur-facebook_6921101.html#xtor=RSS-3-%5Blestitres%5D\" target=\"_blank\" class=\"feedzy-rss-link-icon\">Read More<\/a><\/p>","protected":false},"excerpt":{"rendered":"<p>Source : Flux rss &#8211; Veille m\u00e9tier MB via documentation-renseignements on Inoreader Read More<\/p>\n","protected":false},"author":0,"featured_media":0,"comment_status":"","ping_status":"","sticky":false,"template":"","format":"standard","meta":{"footnotes":""},"categories":[47],"tags":[],"class_list":["post-8986","post","type-post","status-publish","format-standard","hentry","category-veille-de-mathieu"],"_links":{"self":[{"href":"https:\/\/plateformes-de-veille.org\/index.php\/wp-json\/wp\/v2\/posts\/8986","targetHints":{"allow":["GET"]}}],"collection":[{"href":"https:\/\/plateformes-de-veille.org\/index.php\/wp-json\/wp\/v2\/posts"}],"about":[{"href":"https:\/\/plateformes-de-veille.org\/index.php\/wp-json\/wp\/v2\/types\/post"}],"replies":[{"embeddable":true,"href":"https:\/\/plateformes-de-veille.org\/index.php\/wp-json\/wp\/v2\/comments?post=8986"}],"version-history":[{"count":0,"href":"https:\/\/plateformes-de-veille.org\/index.php\/wp-json\/wp\/v2\/posts\/8986\/revisions"}],"wp:attachment":[{"href":"https:\/\/plateformes-de-veille.org\/index.php\/wp-json\/wp\/v2\/media?parent=8986"}],"wp:term":[{"taxonomy":"category","embeddable":true,"href":"https:\/\/plateformes-de-veille.org\/index.php\/wp-json\/wp\/v2\/categories?post=8986"},{"taxonomy":"post_tag","embeddable":true,"href":"https:\/\/plateformes-de-veille.org\/index.php\/wp-json\/wp\/v2\/tags?post=8986"}],"curies":[{"name":"wp","href":"https:\/\/api.w.org\/{rel}","templated":true}]}}