{"id":872,"date":"1970-01-01T00:00:00","date_gmt":"1969-12-31T23:00:00","guid":{"rendered":"https:\/\/plateformes-de-veille.org\/index.php\/1970\/01\/01\/linnovation-maritime-francaise-au-coeur-de-leconomie-bleue-de-demain-5\/"},"modified":"1970-01-01T00:00:00","modified_gmt":"1969-12-31T23:00:00","slug":"linnovation-maritime-francaise-au-coeur-de-leconomie-bleue-de-demain-5","status":"publish","type":"post","link":"https:\/\/plateformes-de-veille.org\/index.php\/1970\/01\/01\/linnovation-maritime-francaise-au-coeur-de-leconomie-bleue-de-demain-5\/","title":{"rendered":"L\u2019innovation maritime fran\u00e7aise au c\u0153ur de l\u2019\u00e9conomie bleue de demain"},"content":{"rendered":"<p>Dans la suite du Comit\u00e9 interminist\u00e9riel de la mer, le Premier ministre Jean Castex a r\u00e9affirm\u00e9 le 6 f\u00e9vrier \u00e0 Brest les ambitions fran\u00e7aises pour le maritime. Il a annonc\u00e9 le projet de cr\u00e9ation d\u2019un fonds d\u2019investissement d\u00e9vou\u00e9 \u00e0 l\u2019innovation maritime, permettant de financer les \u00e9l\u00e9ments cl\u00e9s de l\u2019\u00e9conomie bleue de demain.<br \/>\nSource : Portail de l&rsquo;intelligence \u00e9conomique<br \/>\n<a href=\"http:\/\/portail-ie.fr\/short\/2637\/linnovation-maritime-francaise-au-cur-de-leconomie-bleue-de-demain\" target=\"_blank\" rel=\"noopener noreferrer\">Read More<\/a><\/p>\n","protected":false},"excerpt":{"rendered":"<p>Dans la suite du Comit\u00e9 interminist\u00e9riel de la mer, le Premier ministre Jean Castex a r\u00e9affirm\u00e9 le 6 f\u00e9vrier \u00e0 Brest les ambitions fran\u00e7aises pour le maritime. Il a annonc\u00e9 le projet de cr\u00e9ation d\u2019un fonds d\u2019investissement d\u00e9vou\u00e9 \u00e0 l\u2019innovation maritime, permettant de financer les \u00e9l\u00e9ments cl\u00e9s de l\u2019\u00e9conomie bleue de demain. Source : Portail [&hellip;]<\/p>\n","protected":false},"author":1,"featured_media":0,"comment_status":"open","ping_status":"open","sticky":false,"template":"","format":"standard","meta":{"footnotes":""},"categories":[1],"tags":[],"class_list":["post-872","post","type-post","status-publish","format-standard","hentry","category-non-classe"],"_links":{"self":[{"href":"https:\/\/plateformes-de-veille.org\/index.php\/wp-json\/wp\/v2\/posts\/872","targetHints":{"allow":["GET"]}}],"collection":[{"href":"https:\/\/plateformes-de-veille.org\/index.php\/wp-json\/wp\/v2\/posts"}],"about":[{"href":"https:\/\/plateformes-de-veille.org\/index.php\/wp-json\/wp\/v2\/types\/post"}],"author":[{"embeddable":true,"href":"https:\/\/plateformes-de-veille.org\/index.php\/wp-json\/wp\/v2\/users\/1"}],"replies":[{"embeddable":true,"href":"https:\/\/plateformes-de-veille.org\/index.php\/wp-json\/wp\/v2\/comments?post=872"}],"version-history":[{"count":0,"href":"https:\/\/plateformes-de-veille.org\/index.php\/wp-json\/wp\/v2\/posts\/872\/revisions"}],"wp:attachment":[{"href":"https:\/\/plateformes-de-veille.org\/index.php\/wp-json\/wp\/v2\/media?parent=872"}],"wp:term":[{"taxonomy":"category","embeddable":true,"href":"https:\/\/plateformes-de-veille.org\/index.php\/wp-json\/wp\/v2\/categories?post=872"},{"taxonomy":"post_tag","embeddable":true,"href":"https:\/\/plateformes-de-veille.org\/index.php\/wp-json\/wp\/v2\/tags?post=872"}],"curies":[{"name":"wp","href":"https:\/\/api.w.org\/{rel}","templated":true}]}}