{"id":8010,"date":"2024-08-08T16:12:33","date_gmt":"2024-08-08T14:12:33","guid":{"rendered":"https:\/\/plateformes-de-veille.org\/index.php\/2024\/08\/08\/20-21-novembre-le-17e-forum-europeen-ies-du-3af-au-service-de-la-souverainete-et-de-la-competitivite\/"},"modified":"2024-08-08T16:12:33","modified_gmt":"2024-08-08T14:12:33","slug":"20-21-novembre-le-17e-forum-europeen-ies-du-3af-au-service-de-la-souverainete-et-de-la-competitivite","status":"publish","type":"post","link":"https:\/\/plateformes-de-veille.org\/index.php\/2024\/08\/08\/20-21-novembre-le-17e-forum-europeen-ies-du-3af-au-service-de-la-souverainete-et-de-la-competitivite\/","title":{"rendered":"20-21 novembre. Le 17e forum europ\u00e9en IES du 3AF, au service de la souverainet\u00e9 et de la comp\u00e9titivit\u00e9"},"content":{"rendered":"<p>Source : www.veillemag.com<\/p>\n<p><a href=\"https:\/\/www.veillemag.com\/20-21-novembre-Le-17e-forum-europeen-IES-du-3AF-au-service-de-la-souverainete-et-de-la-competitivite_a5122.html\" target=\"_blank\" class=\"feedzy-rss-link-icon\" rel=\"noopener\">Read More<\/a><\/p>","protected":false},"excerpt":{"rendered":"<p>Source : www.veillemag.com Read More<\/p>\n","protected":false},"author":0,"featured_media":0,"comment_status":"","ping_status":"","sticky":false,"template":"","format":"standard","meta":{"footnotes":""},"categories":[46],"tags":[],"class_list":["post-8010","post","type-post","status-publish","format-standard","hentry","category-veillemag"],"_links":{"self":[{"href":"https:\/\/plateformes-de-veille.org\/index.php\/wp-json\/wp\/v2\/posts\/8010","targetHints":{"allow":["GET"]}}],"collection":[{"href":"https:\/\/plateformes-de-veille.org\/index.php\/wp-json\/wp\/v2\/posts"}],"about":[{"href":"https:\/\/plateformes-de-veille.org\/index.php\/wp-json\/wp\/v2\/types\/post"}],"replies":[{"embeddable":true,"href":"https:\/\/plateformes-de-veille.org\/index.php\/wp-json\/wp\/v2\/comments?post=8010"}],"version-history":[{"count":0,"href":"https:\/\/plateformes-de-veille.org\/index.php\/wp-json\/wp\/v2\/posts\/8010\/revisions"}],"wp:attachment":[{"href":"https:\/\/plateformes-de-veille.org\/index.php\/wp-json\/wp\/v2\/media?parent=8010"}],"wp:term":[{"taxonomy":"category","embeddable":true,"href":"https:\/\/plateformes-de-veille.org\/index.php\/wp-json\/wp\/v2\/categories?post=8010"},{"taxonomy":"post_tag","embeddable":true,"href":"https:\/\/plateformes-de-veille.org\/index.php\/wp-json\/wp\/v2\/tags?post=8010"}],"curies":[{"name":"wp","href":"https:\/\/api.w.org\/{rel}","templated":true}]}}