{"id":7964,"date":"2024-08-02T16:11:49","date_gmt":"2024-08-02T14:11:49","guid":{"rendered":"https:\/\/plateformes-de-veille.org\/index.php\/2024\/08\/02\/lentreprise-en-memoires-entretien-avec-isabelle-pecou-directrice-generale-du-groupe-de-protection-sociale-b2v\/"},"modified":"2024-08-02T16:11:49","modified_gmt":"2024-08-02T14:11:49","slug":"lentreprise-en-memoires-entretien-avec-isabelle-pecou-directrice-generale-du-groupe-de-protection-sociale-b2v","status":"publish","type":"post","link":"https:\/\/plateformes-de-veille.org\/index.php\/2024\/08\/02\/lentreprise-en-memoires-entretien-avec-isabelle-pecou-directrice-generale-du-groupe-de-protection-sociale-b2v\/","title":{"rendered":"\u00ab\u00a0L&rsquo;entreprise en M\u00e9moires\u00a0\u00bb. Entretien avec Isabelle P\u00e9cou, Directrice g\u00e9n\u00e9rale du groupe de protection sociale B2V."},"content":{"rendered":"<p>Source : www.veillemag.com<\/p>\n<p><a href=\"https:\/\/www.veillemag.com\/L-entreprise-en-Memoires-Entretien-avec-Isabelle-Pecou-Directrice-generale-du-groupe-de-protection-sociale-B2V_a5101.html\" target=\"_blank\" class=\"feedzy-rss-link-icon\" rel=\"noopener\">Read More<\/a><\/p>","protected":false},"excerpt":{"rendered":"<p>Source : www.veillemag.com Read More<\/p>\n","protected":false},"author":0,"featured_media":0,"comment_status":"","ping_status":"","sticky":false,"template":"","format":"standard","meta":{"footnotes":""},"categories":[46],"tags":[],"class_list":["post-7964","post","type-post","status-publish","format-standard","hentry","category-veillemag"],"_links":{"self":[{"href":"https:\/\/plateformes-de-veille.org\/index.php\/wp-json\/wp\/v2\/posts\/7964","targetHints":{"allow":["GET"]}}],"collection":[{"href":"https:\/\/plateformes-de-veille.org\/index.php\/wp-json\/wp\/v2\/posts"}],"about":[{"href":"https:\/\/plateformes-de-veille.org\/index.php\/wp-json\/wp\/v2\/types\/post"}],"replies":[{"embeddable":true,"href":"https:\/\/plateformes-de-veille.org\/index.php\/wp-json\/wp\/v2\/comments?post=7964"}],"version-history":[{"count":0,"href":"https:\/\/plateformes-de-veille.org\/index.php\/wp-json\/wp\/v2\/posts\/7964\/revisions"}],"wp:attachment":[{"href":"https:\/\/plateformes-de-veille.org\/index.php\/wp-json\/wp\/v2\/media?parent=7964"}],"wp:term":[{"taxonomy":"category","embeddable":true,"href":"https:\/\/plateformes-de-veille.org\/index.php\/wp-json\/wp\/v2\/categories?post=7964"},{"taxonomy":"post_tag","embeddable":true,"href":"https:\/\/plateformes-de-veille.org\/index.php\/wp-json\/wp\/v2\/tags?post=7964"}],"curies":[{"name":"wp","href":"https:\/\/api.w.org\/{rel}","templated":true}]}}