{"id":7952,"date":"2024-07-31T16:12:15","date_gmt":"2024-07-31T14:12:15","guid":{"rendered":"https:\/\/plateformes-de-veille.org\/index.php\/2024\/07\/31\/65-des-dirigeants-du-secteur-de-la-tech-estiment-que-lia-generative-est-une-revolution\/"},"modified":"2024-07-31T16:12:15","modified_gmt":"2024-07-31T14:12:15","slug":"65-des-dirigeants-du-secteur-de-la-tech-estiment-que-lia-generative-est-une-revolution","status":"publish","type":"post","link":"https:\/\/plateformes-de-veille.org\/index.php\/2024\/07\/31\/65-des-dirigeants-du-secteur-de-la-tech-estiment-que-lia-generative-est-une-revolution\/","title":{"rendered":"65% des dirigeants du secteur de la tech estiment que l\u2019IA g\u00e9n\u00e9rative est une r\u00e9volution\u00a0"},"content":{"rendered":"<p>Source : Flux rss &#8211; Veille m\u00e9tier MB via documentation-renseignements on Inoreader<\/p>\n<p><a href=\"https:\/\/www.archimag.com\/vie-numerique\/2024\/07\/31\/65-dirigeants-secteur-tech-estiment-ia-generative-revolution%C2%A0-0\" target=\"_blank\" class=\"feedzy-rss-link-icon\" rel=\"noopener\">Read More<\/a><\/p>","protected":false},"excerpt":{"rendered":"<p>Source : Flux rss &#8211; Veille m\u00e9tier MB via documentation-renseignements on Inoreader Read More<\/p>\n","protected":false},"author":0,"featured_media":0,"comment_status":"","ping_status":"","sticky":false,"template":"","format":"standard","meta":{"footnotes":""},"categories":[47],"tags":[],"class_list":["post-7952","post","type-post","status-publish","format-standard","hentry","category-veille-de-mathieu"],"_links":{"self":[{"href":"https:\/\/plateformes-de-veille.org\/index.php\/wp-json\/wp\/v2\/posts\/7952","targetHints":{"allow":["GET"]}}],"collection":[{"href":"https:\/\/plateformes-de-veille.org\/index.php\/wp-json\/wp\/v2\/posts"}],"about":[{"href":"https:\/\/plateformes-de-veille.org\/index.php\/wp-json\/wp\/v2\/types\/post"}],"replies":[{"embeddable":true,"href":"https:\/\/plateformes-de-veille.org\/index.php\/wp-json\/wp\/v2\/comments?post=7952"}],"version-history":[{"count":0,"href":"https:\/\/plateformes-de-veille.org\/index.php\/wp-json\/wp\/v2\/posts\/7952\/revisions"}],"wp:attachment":[{"href":"https:\/\/plateformes-de-veille.org\/index.php\/wp-json\/wp\/v2\/media?parent=7952"}],"wp:term":[{"taxonomy":"category","embeddable":true,"href":"https:\/\/plateformes-de-veille.org\/index.php\/wp-json\/wp\/v2\/categories?post=7952"},{"taxonomy":"post_tag","embeddable":true,"href":"https:\/\/plateformes-de-veille.org\/index.php\/wp-json\/wp\/v2\/tags?post=7952"}],"curies":[{"name":"wp","href":"https:\/\/api.w.org\/{rel}","templated":true}]}}