{"id":7940,"date":"2024-07-30T18:12:02","date_gmt":"2024-07-30T16:12:02","guid":{"rendered":"https:\/\/plateformes-de-veille.org\/index.php\/2024\/07\/30\/12-septembre-les-matinales-du-cybercercle-cybersecurite-et-la-coordination-gouvernementale-invite-jerome-notin-3\/"},"modified":"2024-07-30T18:12:02","modified_gmt":"2024-07-30T16:12:02","slug":"12-septembre-les-matinales-du-cybercercle-cybersecurite-et-la-coordination-gouvernementale-invite-jerome-notin-3","status":"publish","type":"post","link":"https:\/\/plateformes-de-veille.org\/index.php\/2024\/07\/30\/12-septembre-les-matinales-du-cybercercle-cybersecurite-et-la-coordination-gouvernementale-invite-jerome-notin-3\/","title":{"rendered":"12 septembre. Les Matinales du CyberCercle. Cybers\u00e9curit\u00e9 et la coordination gouvernementale. Invit\u00e9 J\u00e9r\u00f4me Notin"},"content":{"rendered":"<p>Source : Flux rss &#8211; Veille m\u00e9tier MB via documentation-renseignements on Inoreader<\/p>\n<p><a href=\"https:\/\/www.veillemag.com\/12-septembre-Les-Matinales-du-CyberCercle-Cybersecurite-et-la-coordination-gouvernementale-Invite-Jerome-Notin_a5084.html\" target=\"_blank\" class=\"feedzy-rss-link-icon\" rel=\"noopener\">Read More<\/a><\/p>","protected":false},"excerpt":{"rendered":"<p>Source : Flux rss &#8211; Veille m\u00e9tier MB via documentation-renseignements on Inoreader Read More<\/p>\n","protected":false},"author":0,"featured_media":0,"comment_status":"","ping_status":"","sticky":false,"template":"","format":"standard","meta":{"footnotes":""},"categories":[47],"tags":[],"class_list":["post-7940","post","type-post","status-publish","format-standard","hentry","category-veille-de-mathieu"],"_links":{"self":[{"href":"https:\/\/plateformes-de-veille.org\/index.php\/wp-json\/wp\/v2\/posts\/7940","targetHints":{"allow":["GET"]}}],"collection":[{"href":"https:\/\/plateformes-de-veille.org\/index.php\/wp-json\/wp\/v2\/posts"}],"about":[{"href":"https:\/\/plateformes-de-veille.org\/index.php\/wp-json\/wp\/v2\/types\/post"}],"replies":[{"embeddable":true,"href":"https:\/\/plateformes-de-veille.org\/index.php\/wp-json\/wp\/v2\/comments?post=7940"}],"version-history":[{"count":0,"href":"https:\/\/plateformes-de-veille.org\/index.php\/wp-json\/wp\/v2\/posts\/7940\/revisions"}],"wp:attachment":[{"href":"https:\/\/plateformes-de-veille.org\/index.php\/wp-json\/wp\/v2\/media?parent=7940"}],"wp:term":[{"taxonomy":"category","embeddable":true,"href":"https:\/\/plateformes-de-veille.org\/index.php\/wp-json\/wp\/v2\/categories?post=7940"},{"taxonomy":"post_tag","embeddable":true,"href":"https:\/\/plateformes-de-veille.org\/index.php\/wp-json\/wp\/v2\/tags?post=7940"}],"curies":[{"name":"wp","href":"https:\/\/api.w.org\/{rel}","templated":true}]}}