{"id":7465,"date":"2024-06-03T12:12:49","date_gmt":"2024-06-03T10:12:49","guid":{"rendered":"https:\/\/plateformes-de-veille.org\/index.php\/2024\/06\/03\/nouveautes-editeurs-accueil-faut-il-reindustrialiser-la-france-presses-universitaires-de-france-vicard-vincent\/"},"modified":"2024-06-03T12:12:49","modified_gmt":"2024-06-03T10:12:49","slug":"nouveautes-editeurs-accueil-faut-il-reindustrialiser-la-france-presses-universitaires-de-france-vicard-vincent","status":"publish","type":"post","link":"https:\/\/plateformes-de-veille.org\/index.php\/2024\/06\/03\/nouveautes-editeurs-accueil-faut-il-reindustrialiser-la-france-presses-universitaires-de-france-vicard-vincent\/","title":{"rendered":"Nouveaut\u00e9s \u00c9diteurs &#8211; Accueil &#8211; Faut-il r\u00e9industrialiser la France ? &#8211; Presses universitaires de France &#8211; Vicard Vincent"},"content":{"rendered":"<p>Source : Flux rss &#8211; Veille m\u00e9tier MB via documentation-renseignements on Inoreader<\/p>\n<p><a href=\"https:\/\/nouveautes-editeurs.bnf.fr\/accueil?id_declaration=10000001004735&amp;amp;titre_livre=Faut-il_r%C3%A9industrialiser_la_France_?\" target=\"_blank\" class=\"feedzy-rss-link-icon\" rel=\"noopener\">Read More<\/a><\/p>","protected":false},"excerpt":{"rendered":"<p>Source : Flux rss &#8211; Veille m\u00e9tier MB via documentation-renseignements on Inoreader Read More<\/p>\n","protected":false},"author":0,"featured_media":0,"comment_status":"","ping_status":"","sticky":false,"template":"","format":"standard","meta":{"footnotes":""},"categories":[47],"tags":[],"class_list":["post-7465","post","type-post","status-publish","format-standard","hentry","category-veille-de-mathieu"],"_links":{"self":[{"href":"https:\/\/plateformes-de-veille.org\/index.php\/wp-json\/wp\/v2\/posts\/7465","targetHints":{"allow":["GET"]}}],"collection":[{"href":"https:\/\/plateformes-de-veille.org\/index.php\/wp-json\/wp\/v2\/posts"}],"about":[{"href":"https:\/\/plateformes-de-veille.org\/index.php\/wp-json\/wp\/v2\/types\/post"}],"replies":[{"embeddable":true,"href":"https:\/\/plateformes-de-veille.org\/index.php\/wp-json\/wp\/v2\/comments?post=7465"}],"version-history":[{"count":0,"href":"https:\/\/plateformes-de-veille.org\/index.php\/wp-json\/wp\/v2\/posts\/7465\/revisions"}],"wp:attachment":[{"href":"https:\/\/plateformes-de-veille.org\/index.php\/wp-json\/wp\/v2\/media?parent=7465"}],"wp:term":[{"taxonomy":"category","embeddable":true,"href":"https:\/\/plateformes-de-veille.org\/index.php\/wp-json\/wp\/v2\/categories?post=7465"},{"taxonomy":"post_tag","embeddable":true,"href":"https:\/\/plateformes-de-veille.org\/index.php\/wp-json\/wp\/v2\/tags?post=7465"}],"curies":[{"name":"wp","href":"https:\/\/api.w.org\/{rel}","templated":true}]}}