{"id":6626,"date":"2024-03-29T08:04:00","date_gmt":"2024-03-29T07:04:00","guid":{"rendered":"https:\/\/plateformes-de-veille.org\/index.php\/2024\/03\/29\/celebrer-la-journee-mondiale-de-la-sauvegarde-des-donnees-un-imperatif-a-lere-du-tout-numerique\/"},"modified":"2024-03-29T08:04:00","modified_gmt":"2024-03-29T07:04:00","slug":"celebrer-la-journee-mondiale-de-la-sauvegarde-des-donnees-un-imperatif-a-lere-du-tout-numerique","status":"publish","type":"post","link":"https:\/\/plateformes-de-veille.org\/index.php\/2024\/03\/29\/celebrer-la-journee-mondiale-de-la-sauvegarde-des-donnees-un-imperatif-a-lere-du-tout-numerique\/","title":{"rendered":"C\u00e9l\u00e9brer la Journ\u00e9e mondiale de la sauvegarde des donn\u00e9es : Un imp\u00e9ratif \u00e0 l\u2019\u00e8re du tout num\u00e9rique\u00a0"},"content":{"rendered":"<p>Source : KBcrawl<\/p>\n<p><a href=\"https:\/\/www.kbcrawl.com\/fr\/blog-veille\/celebrer-la-journee-mondiale-de-la-sauvegarde-des-donnees-un-imperatif-a-lere-du-tout-numerique\/\" target=\"_blank\" class=\"feedzy-rss-link-icon\" rel=\"noopener\">Read More<\/a><\/p>","protected":false},"excerpt":{"rendered":"<p>Source : KBcrawl Read More<\/p>\n","protected":false},"author":0,"featured_media":0,"comment_status":"","ping_status":"","sticky":false,"template":"","format":"standard","meta":{"footnotes":""},"categories":[18],"tags":[],"class_list":["post-6626","post","type-post","status-publish","format-standard","hentry","category-kb-crawl"],"_links":{"self":[{"href":"https:\/\/plateformes-de-veille.org\/index.php\/wp-json\/wp\/v2\/posts\/6626","targetHints":{"allow":["GET"]}}],"collection":[{"href":"https:\/\/plateformes-de-veille.org\/index.php\/wp-json\/wp\/v2\/posts"}],"about":[{"href":"https:\/\/plateformes-de-veille.org\/index.php\/wp-json\/wp\/v2\/types\/post"}],"replies":[{"embeddable":true,"href":"https:\/\/plateformes-de-veille.org\/index.php\/wp-json\/wp\/v2\/comments?post=6626"}],"version-history":[{"count":0,"href":"https:\/\/plateformes-de-veille.org\/index.php\/wp-json\/wp\/v2\/posts\/6626\/revisions"}],"wp:attachment":[{"href":"https:\/\/plateformes-de-veille.org\/index.php\/wp-json\/wp\/v2\/media?parent=6626"}],"wp:term":[{"taxonomy":"category","embeddable":true,"href":"https:\/\/plateformes-de-veille.org\/index.php\/wp-json\/wp\/v2\/categories?post=6626"},{"taxonomy":"post_tag","embeddable":true,"href":"https:\/\/plateformes-de-veille.org\/index.php\/wp-json\/wp\/v2\/tags?post=6626"}],"curies":[{"name":"wp","href":"https:\/\/api.w.org\/{rel}","templated":true}]}}