{"id":5081,"date":"2023-06-06T08:07:48","date_gmt":"2023-06-06T06:07:48","guid":{"rendered":"https:\/\/plateformes-de-veille.org\/index.php\/2023\/06\/06\/les-contenus-generes-par-lia-generative-devraient-etre-etiquetes-afin-de-prevenir-les-abus-potentiels-de-la-technologie-et-les-risques-de-desinformation-selon-la-commissaire-europeenne-jourova\/"},"modified":"2023-06-06T08:07:48","modified_gmt":"2023-06-06T06:07:48","slug":"les-contenus-generes-par-lia-generative-devraient-etre-etiquetes-afin-de-prevenir-les-abus-potentiels-de-la-technologie-et-les-risques-de-desinformation-selon-la-commissaire-europeenne-jourova","status":"publish","type":"post","link":"https:\/\/plateformes-de-veille.org\/index.php\/2023\/06\/06\/les-contenus-generes-par-lia-generative-devraient-etre-etiquetes-afin-de-prevenir-les-abus-potentiels-de-la-technologie-et-les-risques-de-desinformation-selon-la-commissaire-europeenne-jourova\/","title":{"rendered":"Les contenus g\u00e9n\u00e9r\u00e9s par l&rsquo;IA g\u00e9n\u00e9rative devraient \u00eatre \u00e9tiquet\u00e9s, afin de pr\u00e9venir les abus potentiels de la technologie et les risques de d\u00e9sinformation, selon la commissaire europ\u00e9enne Jourova"},"content":{"rendered":"<p>Source : Flux rss &#8211; Veille m\u00e9tier MB via documentation-renseignements on Inoreader<\/p>\n<p><a href=\"http:\/\/intelligence-artificielle.developpez.com\/actu\/345235\/Les-contenus-generes-par-l-IA-generative-devraient-etre-etiquetes-afin-de-prevenir-les-abus-potentiels-de-la-technologie-et-les-risques-de-desinformation-selon-la-commissaire-europeenne-Jourova\/\" target=\"_blank\" class=\"feedzy-rss-link-icon\" rel=\"noopener\">Read More<\/a><\/p>","protected":false},"excerpt":{"rendered":"<p>Source : Flux rss &#8211; Veille m\u00e9tier MB via documentation-renseignements on Inoreader Read More<\/p>\n","protected":false},"author":0,"featured_media":0,"comment_status":"","ping_status":"","sticky":false,"template":"","format":"standard","meta":{"footnotes":""},"categories":[47],"tags":[],"class_list":["post-5081","post","type-post","status-publish","format-standard","hentry","category-veille-de-mathieu"],"_links":{"self":[{"href":"https:\/\/plateformes-de-veille.org\/index.php\/wp-json\/wp\/v2\/posts\/5081","targetHints":{"allow":["GET"]}}],"collection":[{"href":"https:\/\/plateformes-de-veille.org\/index.php\/wp-json\/wp\/v2\/posts"}],"about":[{"href":"https:\/\/plateformes-de-veille.org\/index.php\/wp-json\/wp\/v2\/types\/post"}],"replies":[{"embeddable":true,"href":"https:\/\/plateformes-de-veille.org\/index.php\/wp-json\/wp\/v2\/comments?post=5081"}],"version-history":[{"count":0,"href":"https:\/\/plateformes-de-veille.org\/index.php\/wp-json\/wp\/v2\/posts\/5081\/revisions"}],"wp:attachment":[{"href":"https:\/\/plateformes-de-veille.org\/index.php\/wp-json\/wp\/v2\/media?parent=5081"}],"wp:term":[{"taxonomy":"category","embeddable":true,"href":"https:\/\/plateformes-de-veille.org\/index.php\/wp-json\/wp\/v2\/categories?post=5081"},{"taxonomy":"post_tag","embeddable":true,"href":"https:\/\/plateformes-de-veille.org\/index.php\/wp-json\/wp\/v2\/tags?post=5081"}],"curies":[{"name":"wp","href":"https:\/\/api.w.org\/{rel}","templated":true}]}}