{"id":4810,"date":"2023-04-20T14:07:41","date_gmt":"2023-04-20T12:07:41","guid":{"rendered":"https:\/\/plateformes-de-veille.org\/index.php\/2023\/04\/20\/levolution-du-sentiment-de-competence-numerique-des-francais-deux-ans-apres-la-crise-sanitaire\/"},"modified":"2023-04-20T14:07:41","modified_gmt":"2023-04-20T12:07:41","slug":"levolution-du-sentiment-de-competence-numerique-des-francais-deux-ans-apres-la-crise-sanitaire","status":"publish","type":"post","link":"https:\/\/plateformes-de-veille.org\/index.php\/2023\/04\/20\/levolution-du-sentiment-de-competence-numerique-des-francais-deux-ans-apres-la-crise-sanitaire\/","title":{"rendered":"L\u2019\u00e9volution du sentiment de comp\u00e9tence num\u00e9rique des Fran\u00e7ais deux ans apr\u00e8s la crise sanitaire"},"content":{"rendered":"<p>Source : Flux rss &#8211; Veille m\u00e9tier MB via documentation-renseignements on Inoreader<\/p>\n<p><a href=\"https:\/\/bbf.enssib.fr\/l-evolution-du-sentiment-de-competence-numerique-des-francais-deux-ans-apres-la-crise-sanitaire\" target=\"_blank\" class=\"feedzy-rss-link-icon\" rel=\"noopener\">Read More<\/a><\/p>","protected":false},"excerpt":{"rendered":"<p>Source : Flux rss &#8211; Veille m\u00e9tier MB via documentation-renseignements on Inoreader Read More<\/p>\n","protected":false},"author":0,"featured_media":0,"comment_status":"","ping_status":"","sticky":false,"template":"","format":"standard","meta":{"footnotes":""},"categories":[47],"tags":[],"class_list":["post-4810","post","type-post","status-publish","format-standard","hentry","category-veille-de-mathieu"],"_links":{"self":[{"href":"https:\/\/plateformes-de-veille.org\/index.php\/wp-json\/wp\/v2\/posts\/4810","targetHints":{"allow":["GET"]}}],"collection":[{"href":"https:\/\/plateformes-de-veille.org\/index.php\/wp-json\/wp\/v2\/posts"}],"about":[{"href":"https:\/\/plateformes-de-veille.org\/index.php\/wp-json\/wp\/v2\/types\/post"}],"replies":[{"embeddable":true,"href":"https:\/\/plateformes-de-veille.org\/index.php\/wp-json\/wp\/v2\/comments?post=4810"}],"version-history":[{"count":0,"href":"https:\/\/plateformes-de-veille.org\/index.php\/wp-json\/wp\/v2\/posts\/4810\/revisions"}],"wp:attachment":[{"href":"https:\/\/plateformes-de-veille.org\/index.php\/wp-json\/wp\/v2\/media?parent=4810"}],"wp:term":[{"taxonomy":"category","embeddable":true,"href":"https:\/\/plateformes-de-veille.org\/index.php\/wp-json\/wp\/v2\/categories?post=4810"},{"taxonomy":"post_tag","embeddable":true,"href":"https:\/\/plateformes-de-veille.org\/index.php\/wp-json\/wp\/v2\/tags?post=4810"}],"curies":[{"name":"wp","href":"https:\/\/api.w.org\/{rel}","templated":true}]}}