{"id":3417,"date":"2022-08-17T10:32:29","date_gmt":"2022-08-17T08:32:29","guid":{"rendered":"https:\/\/plateformes-de-veille.org\/index.php\/2022\/08\/17\/dall-e-2-permet-de-generer-des-images-a-partir-de-quelques-mots-mais-le-produit-est-il-votre-votre-illustration-numerique-generee-par-lia-pourrait-ne-pas-etre-protegee-par-le-droit-dauteur\/"},"modified":"2022-08-17T10:32:29","modified_gmt":"2022-08-17T08:32:29","slug":"dall-e-2-permet-de-generer-des-images-a-partir-de-quelques-mots-mais-le-produit-est-il-votre-votre-illustration-numerique-generee-par-lia-pourrait-ne-pas-etre-protegee-par-le-droit-dauteur","status":"publish","type":"post","link":"https:\/\/plateformes-de-veille.org\/index.php\/2022\/08\/17\/dall-e-2-permet-de-generer-des-images-a-partir-de-quelques-mots-mais-le-produit-est-il-votre-votre-illustration-numerique-generee-par-lia-pourrait-ne-pas-etre-protegee-par-le-droit-dauteur\/","title":{"rendered":"Dall-E 2 permet de g\u00e9n\u00e9rer des images \u00e0 partir de quelques mots, mais le produit est-il votre ? Votre illustration num\u00e9rique g\u00e9n\u00e9r\u00e9e par l&rsquo;IA pourrait ne pas \u00eatre prot\u00e9g\u00e9e par le droit d&rsquo;auteur"},"content":{"rendered":"<p>Source : Flux rss &#8211; Veille m\u00e9tier MB via documentation-renseignements on Inoreader<\/p>\n<p><a href=\"https:\/\/intelligence-artificielle.developpez.com\/actu\/335762\/Dall-E-2-permet-de-generer-des-images-a-partir-de-quelques-mots-mais-le-produit-est-il-votre-Votre-illustration-numerique-generee-par-l-IA-pourrait-ne-pas-etre-protegee-par-le-droit-d-auteur\/\" target=\"_blank\" class=\"feedzy-rss-link-icon\" rel=\"noopener\">Read More<\/a><\/p>","protected":false},"excerpt":{"rendered":"<p>Source : Flux rss &#8211; Veille m\u00e9tier MB via documentation-renseignements on Inoreader Read More<\/p>\n","protected":false},"author":0,"featured_media":0,"comment_status":"","ping_status":"","sticky":false,"template":"","format":"standard","meta":{"footnotes":""},"categories":[47],"tags":[],"class_list":["post-3417","post","type-post","status-publish","format-standard","hentry","category-veille-de-mathieu"],"_links":{"self":[{"href":"https:\/\/plateformes-de-veille.org\/index.php\/wp-json\/wp\/v2\/posts\/3417","targetHints":{"allow":["GET"]}}],"collection":[{"href":"https:\/\/plateformes-de-veille.org\/index.php\/wp-json\/wp\/v2\/posts"}],"about":[{"href":"https:\/\/plateformes-de-veille.org\/index.php\/wp-json\/wp\/v2\/types\/post"}],"replies":[{"embeddable":true,"href":"https:\/\/plateformes-de-veille.org\/index.php\/wp-json\/wp\/v2\/comments?post=3417"}],"version-history":[{"count":0,"href":"https:\/\/plateformes-de-veille.org\/index.php\/wp-json\/wp\/v2\/posts\/3417\/revisions"}],"wp:attachment":[{"href":"https:\/\/plateformes-de-veille.org\/index.php\/wp-json\/wp\/v2\/media?parent=3417"}],"wp:term":[{"taxonomy":"category","embeddable":true,"href":"https:\/\/plateformes-de-veille.org\/index.php\/wp-json\/wp\/v2\/categories?post=3417"},{"taxonomy":"post_tag","embeddable":true,"href":"https:\/\/plateformes-de-veille.org\/index.php\/wp-json\/wp\/v2\/tags?post=3417"}],"curies":[{"name":"wp","href":"https:\/\/api.w.org\/{rel}","templated":true}]}}