{"id":2963,"date":"2022-04-27T09:14:23","date_gmt":"2022-04-27T07:14:23","guid":{"rendered":"https:\/\/plateformes-de-veille.org\/index.php\/2022\/04\/27\/le-rachat-par-elon-musk-risque-daggraver-le-probleme-de-desinformation-de-twitter\/"},"modified":"2022-04-27T09:14:23","modified_gmt":"2022-04-27T07:14:23","slug":"le-rachat-par-elon-musk-risque-daggraver-le-probleme-de-desinformation-de-twitter","status":"publish","type":"post","link":"https:\/\/plateformes-de-veille.org\/index.php\/2022\/04\/27\/le-rachat-par-elon-musk-risque-daggraver-le-probleme-de-desinformation-de-twitter\/","title":{"rendered":"Le rachat par Elon Musk risque d\u2019aggraver le probl\u00e8me de d\u00e9sinformation de Twitter"},"content":{"rendered":"<p>Source : Flux rss &#8211; Veille m\u00e9tier MB via documentation-renseignements on Inoreader<\/p>\n<p><a href=\"https:\/\/theconversation.com\/le-rachat-par-elon-musk-risque-daggraver-le-probleme-de-desinformation-de-twitter-181980\" target=\"_blank\" class=\"feedzy-rss-link-icon\" rel=\"noopener\">Read More<\/a><\/p>","protected":false},"excerpt":{"rendered":"<p>Source : Flux rss &#8211; Veille m\u00e9tier MB via documentation-renseignements on Inoreader Read More<\/p>\n","protected":false},"author":0,"featured_media":0,"comment_status":"","ping_status":"","sticky":false,"template":"","format":"standard","meta":{"footnotes":""},"categories":[47],"tags":[],"class_list":["post-2963","post","type-post","status-publish","format-standard","hentry","category-veille-de-mathieu"],"_links":{"self":[{"href":"https:\/\/plateformes-de-veille.org\/index.php\/wp-json\/wp\/v2\/posts\/2963","targetHints":{"allow":["GET"]}}],"collection":[{"href":"https:\/\/plateformes-de-veille.org\/index.php\/wp-json\/wp\/v2\/posts"}],"about":[{"href":"https:\/\/plateformes-de-veille.org\/index.php\/wp-json\/wp\/v2\/types\/post"}],"replies":[{"embeddable":true,"href":"https:\/\/plateformes-de-veille.org\/index.php\/wp-json\/wp\/v2\/comments?post=2963"}],"version-history":[{"count":0,"href":"https:\/\/plateformes-de-veille.org\/index.php\/wp-json\/wp\/v2\/posts\/2963\/revisions"}],"wp:attachment":[{"href":"https:\/\/plateformes-de-veille.org\/index.php\/wp-json\/wp\/v2\/media?parent=2963"}],"wp:term":[{"taxonomy":"category","embeddable":true,"href":"https:\/\/plateformes-de-veille.org\/index.php\/wp-json\/wp\/v2\/categories?post=2963"},{"taxonomy":"post_tag","embeddable":true,"href":"https:\/\/plateformes-de-veille.org\/index.php\/wp-json\/wp\/v2\/tags?post=2963"}],"curies":[{"name":"wp","href":"https:\/\/api.w.org\/{rel}","templated":true}]}}