{"id":2591,"date":"2022-01-24T16:35:32","date_gmt":"2022-01-24T15:35:32","guid":{"rendered":"https:\/\/plateformes-de-veille.org\/index.php\/2022\/01\/24\/14-fevrier-les-territoires-de-confiance-numerique-gerard-pelicks-recoit-benedicte-pilliet-et-jerome-notin-2\/"},"modified":"2022-01-24T16:35:32","modified_gmt":"2022-01-24T15:35:32","slug":"14-fevrier-les-territoires-de-confiance-numerique-gerard-pelicks-recoit-benedicte-pilliet-et-jerome-notin-2","status":"publish","type":"post","link":"https:\/\/plateformes-de-veille.org\/index.php\/2022\/01\/24\/14-fevrier-les-territoires-de-confiance-numerique-gerard-pelicks-recoit-benedicte-pilliet-et-jerome-notin-2\/","title":{"rendered":"14 f\u00e9vrier. Les territoires de confiance num\u00e9rique. G\u00e9rard P\u00e9licks re\u00e7oit B\u00e9n\u00e9dicte Pilliet et J\u00e9rome Notin"},"content":{"rendered":"<p>Source : www.veillemag.com<\/p>\n<p><a href=\"https:\/\/www.veillemag.com\/14-fevrier-Les-territoires-de-confiance-numerique-Gerard-Pelicks-recoit-Benedicte-Pilliet-et-Jerome-Notin_a4385.html\" target=\"_blank\" class=\"feedzy-rss-link-icon\" rel=\"noopener\">Read More<\/a><\/p>","protected":false},"excerpt":{"rendered":"<p>Source : www.veillemag.com Read More<\/p>\n","protected":false},"author":0,"featured_media":0,"comment_status":"open","ping_status":"open","sticky":false,"template":"","format":"standard","meta":{"footnotes":""},"categories":[46],"tags":[],"class_list":["post-2591","post","type-post","status-publish","format-standard","hentry","category-veillemag"],"_links":{"self":[{"href":"https:\/\/plateformes-de-veille.org\/index.php\/wp-json\/wp\/v2\/posts\/2591","targetHints":{"allow":["GET"]}}],"collection":[{"href":"https:\/\/plateformes-de-veille.org\/index.php\/wp-json\/wp\/v2\/posts"}],"about":[{"href":"https:\/\/plateformes-de-veille.org\/index.php\/wp-json\/wp\/v2\/types\/post"}],"replies":[{"embeddable":true,"href":"https:\/\/plateformes-de-veille.org\/index.php\/wp-json\/wp\/v2\/comments?post=2591"}],"version-history":[{"count":0,"href":"https:\/\/plateformes-de-veille.org\/index.php\/wp-json\/wp\/v2\/posts\/2591\/revisions"}],"wp:attachment":[{"href":"https:\/\/plateformes-de-veille.org\/index.php\/wp-json\/wp\/v2\/media?parent=2591"}],"wp:term":[{"taxonomy":"category","embeddable":true,"href":"https:\/\/plateformes-de-veille.org\/index.php\/wp-json\/wp\/v2\/categories?post=2591"},{"taxonomy":"post_tag","embeddable":true,"href":"https:\/\/plateformes-de-veille.org\/index.php\/wp-json\/wp\/v2\/tags?post=2591"}],"curies":[{"name":"wp","href":"https:\/\/api.w.org\/{rel}","templated":true}]}}