{"id":2127,"date":"2021-09-02T18:16:14","date_gmt":"2021-09-02T16:16:14","guid":{"rendered":"https:\/\/plateformes-de-veille.org\/index.php\/2021\/09\/02\/le-teletravail-un-sujet-collectif-traite-individuellement\/"},"modified":"2021-09-02T18:16:14","modified_gmt":"2021-09-02T16:16:14","slug":"le-teletravail-un-sujet-collectif-traite-individuellement","status":"publish","type":"post","link":"https:\/\/plateformes-de-veille.org\/index.php\/2021\/09\/02\/le-teletravail-un-sujet-collectif-traite-individuellement\/","title":{"rendered":"Le t\u00e9l\u00e9travail : un sujet collectif trait\u00e9 individuellement"},"content":{"rendered":"<p>Source : Flux rss &#8211; Veille m\u00e9tier MB via documentation-renseignements on Inoreader<br \/>\n<a href=\"https:\/\/www.duperrin.com\/2021\/08\/31\/le-teletravail-un-sujet-collectif-traite-individuellement\/?utm_source=rss&amp;utm_medium=rss&amp;utm_campaign=le-teletravail-un-sujet-collectif-traite-individuellement\">Read More<\/a><\/p>","protected":false},"excerpt":{"rendered":"<p>Source : Flux rss &#8211; Veille m\u00e9tier MB via documentation-renseignements on Inoreader Read More<\/p>\n","protected":false},"author":1,"featured_media":0,"comment_status":"open","ping_status":"open","sticky":false,"template":"","format":"standard","meta":{"footnotes":""},"categories":[47],"tags":[],"class_list":["post-2127","post","type-post","status-publish","format-standard","hentry","category-veille-de-mathieu"],"_links":{"self":[{"href":"https:\/\/plateformes-de-veille.org\/index.php\/wp-json\/wp\/v2\/posts\/2127","targetHints":{"allow":["GET"]}}],"collection":[{"href":"https:\/\/plateformes-de-veille.org\/index.php\/wp-json\/wp\/v2\/posts"}],"about":[{"href":"https:\/\/plateformes-de-veille.org\/index.php\/wp-json\/wp\/v2\/types\/post"}],"author":[{"embeddable":true,"href":"https:\/\/plateformes-de-veille.org\/index.php\/wp-json\/wp\/v2\/users\/1"}],"replies":[{"embeddable":true,"href":"https:\/\/plateformes-de-veille.org\/index.php\/wp-json\/wp\/v2\/comments?post=2127"}],"version-history":[{"count":0,"href":"https:\/\/plateformes-de-veille.org\/index.php\/wp-json\/wp\/v2\/posts\/2127\/revisions"}],"wp:attachment":[{"href":"https:\/\/plateformes-de-veille.org\/index.php\/wp-json\/wp\/v2\/media?parent=2127"}],"wp:term":[{"taxonomy":"category","embeddable":true,"href":"https:\/\/plateformes-de-veille.org\/index.php\/wp-json\/wp\/v2\/categories?post=2127"},{"taxonomy":"post_tag","embeddable":true,"href":"https:\/\/plateformes-de-veille.org\/index.php\/wp-json\/wp\/v2\/tags?post=2127"}],"curies":[{"name":"wp","href":"https:\/\/api.w.org\/{rel}","templated":true}]}}