{"id":12299,"date":"2026-08-29T18:11:51","date_gmt":"2026-08-29T16:11:51","guid":{"rendered":"https:\/\/plateformes-de-veille.org\/index.php\/2026\/08\/29\/16-septembre-guerre-hybride-repenser-larticulation-entre-securite-interieure-et-defense-exterieure-iesas\/"},"modified":"2026-08-29T18:11:51","modified_gmt":"2026-08-29T16:11:51","slug":"16-septembre-guerre-hybride-repenser-larticulation-entre-securite-interieure-et-defense-exterieure-iesas","status":"publish","type":"post","link":"https:\/\/plateformes-de-veille.org\/index.php\/2026\/08\/29\/16-septembre-guerre-hybride-repenser-larticulation-entre-securite-interieure-et-defense-exterieure-iesas\/","title":{"rendered":"16 septembre. GUERRE HYBRIDE.  Repenser l\u2019articulation entre S\u00e9curit\u00e9 int\u00e9rieure et D\u00e9fense ext\u00e9rieure. IESAS"},"content":{"rendered":"<p>Source : www.veillemag.com<\/p>\n<p><a href=\"https:\/\/www.veillemag.com\/16-septembre-GUERRE-HYBRIDE-Repenser-l-articulation-entre-Securite-interieure-et-Defense-exterieure-IESAS_a8275.html\" target=\"_blank\" class=\"feedzy-rss-link-icon\">Lire la Suite<\/a><\/p>","protected":false},"excerpt":{"rendered":"<p>Source : www.veillemag.com Lire la Suite<\/p>\n","protected":false},"author":1,"featured_media":0,"comment_status":"","ping_status":"","sticky":false,"template":"","format":"standard","meta":{"footnotes":""},"categories":[46],"tags":[],"class_list":["post-12299","post","type-post","status-publish","format-standard","hentry","category-veillemag"],"_links":{"self":[{"href":"https:\/\/plateformes-de-veille.org\/index.php\/wp-json\/wp\/v2\/posts\/12299","targetHints":{"allow":["GET"]}}],"collection":[{"href":"https:\/\/plateformes-de-veille.org\/index.php\/wp-json\/wp\/v2\/posts"}],"about":[{"href":"https:\/\/plateformes-de-veille.org\/index.php\/wp-json\/wp\/v2\/types\/post"}],"author":[{"embeddable":true,"href":"https:\/\/plateformes-de-veille.org\/index.php\/wp-json\/wp\/v2\/users\/1"}],"replies":[{"embeddable":true,"href":"https:\/\/plateformes-de-veille.org\/index.php\/wp-json\/wp\/v2\/comments?post=12299"}],"version-history":[{"count":0,"href":"https:\/\/plateformes-de-veille.org\/index.php\/wp-json\/wp\/v2\/posts\/12299\/revisions"}],"wp:attachment":[{"href":"https:\/\/plateformes-de-veille.org\/index.php\/wp-json\/wp\/v2\/media?parent=12299"}],"wp:term":[{"taxonomy":"category","embeddable":true,"href":"https:\/\/plateformes-de-veille.org\/index.php\/wp-json\/wp\/v2\/categories?post=12299"},{"taxonomy":"post_tag","embeddable":true,"href":"https:\/\/plateformes-de-veille.org\/index.php\/wp-json\/wp\/v2\/tags?post=12299"}],"curies":[{"name":"wp","href":"https:\/\/api.w.org\/{rel}","templated":true}]}}