{"id":11695,"date":"2026-04-26T16:59:00","date_gmt":"2026-04-26T14:59:00","guid":{"rendered":"https:\/\/plateformes-de-veille.org\/index.php\/2026\/04\/26\/23-et-24-juin-2026-souverainete-numerique-les-collectivites-en-premiere-ligne-au-congres-coter-numerique-reims\/"},"modified":"2026-04-26T16:59:00","modified_gmt":"2026-04-26T14:59:00","slug":"23-et-24-juin-2026-souverainete-numerique-les-collectivites-en-premiere-ligne-au-congres-coter-numerique-reims","status":"publish","type":"post","link":"https:\/\/plateformes-de-veille.org\/index.php\/2026\/04\/26\/23-et-24-juin-2026-souverainete-numerique-les-collectivites-en-premiere-ligne-au-congres-coter-numerique-reims\/","title":{"rendered":"23 et 24 juin 2026. Souverainet\u00e9 num\u00e9rique : les collectivit\u00e9s en premi\u00e8re ligne au Congr\u00e8s CoTer Num\u00e9rique. Reims"},"content":{"rendered":"<p>Source : www.veillemag.com<\/p>\n<p><a href=\"https:\/\/www.veillemag.com\/23-et-24-juin-2026-Souverainete-numerique-les-collectivites-en-premiere-ligne-au-Congres-CoTer-Numerique-Reims_a7466.html\" target=\"_blank\" class=\"feedzy-rss-link-icon\">Lire la Suite<\/a><\/p>","protected":false},"excerpt":{"rendered":"<p>Source : www.veillemag.com Lire la Suite<\/p>\n","protected":false},"author":1,"featured_media":0,"comment_status":"","ping_status":"","sticky":false,"template":"","format":"standard","meta":{"footnotes":""},"categories":[46],"tags":[],"class_list":["post-11695","post","type-post","status-publish","format-standard","hentry","category-veillemag"],"_links":{"self":[{"href":"https:\/\/plateformes-de-veille.org\/index.php\/wp-json\/wp\/v2\/posts\/11695","targetHints":{"allow":["GET"]}}],"collection":[{"href":"https:\/\/plateformes-de-veille.org\/index.php\/wp-json\/wp\/v2\/posts"}],"about":[{"href":"https:\/\/plateformes-de-veille.org\/index.php\/wp-json\/wp\/v2\/types\/post"}],"author":[{"embeddable":true,"href":"https:\/\/plateformes-de-veille.org\/index.php\/wp-json\/wp\/v2\/users\/1"}],"replies":[{"embeddable":true,"href":"https:\/\/plateformes-de-veille.org\/index.php\/wp-json\/wp\/v2\/comments?post=11695"}],"version-history":[{"count":0,"href":"https:\/\/plateformes-de-veille.org\/index.php\/wp-json\/wp\/v2\/posts\/11695\/revisions"}],"wp:attachment":[{"href":"https:\/\/plateformes-de-veille.org\/index.php\/wp-json\/wp\/v2\/media?parent=11695"}],"wp:term":[{"taxonomy":"category","embeddable":true,"href":"https:\/\/plateformes-de-veille.org\/index.php\/wp-json\/wp\/v2\/categories?post=11695"},{"taxonomy":"post_tag","embeddable":true,"href":"https:\/\/plateformes-de-veille.org\/index.php\/wp-json\/wp\/v2\/tags?post=11695"}],"curies":[{"name":"wp","href":"https:\/\/api.w.org\/{rel}","templated":true}]}}