{"id":11462,"date":"2026-03-07T16:08:31","date_gmt":"2026-03-07T15:08:31","guid":{"rendered":"https:\/\/plateformes-de-veille.org\/index.php\/2026\/03\/07\/24-mars-2026-conference-alain-juillet-intelligence-economique-nouveaux-defis-geopolitiques-et-technologiques\/"},"modified":"2026-03-07T16:08:31","modified_gmt":"2026-03-07T15:08:31","slug":"24-mars-2026-conference-alain-juillet-intelligence-economique-nouveaux-defis-geopolitiques-et-technologiques","status":"publish","type":"post","link":"https:\/\/plateformes-de-veille.org\/index.php\/2026\/03\/07\/24-mars-2026-conference-alain-juillet-intelligence-economique-nouveaux-defis-geopolitiques-et-technologiques\/","title":{"rendered":"24 Mars 2026. Conf\u00e9rence Alain Juillet. \u00ab\u00a0Intelligence \u00e9conomique : nouveaux d\u00e9fis g\u00e9opolitiques et technologiques\u00a0\u00bb"},"content":{"rendered":"<p>Source : www.veillemag.com<\/p>\n<p><a href=\"https:\/\/www.veillemag.com\/24-Mars-2026-Conference-Alain-Juillet-Intelligence-economique-nouveaux-defis-geopolitiques-et-technologiques_a7166.html\" target=\"_blank\" class=\"feedzy-rss-link-icon\">Lire la Suite<\/a><\/p>","protected":false},"excerpt":{"rendered":"<p>Source : www.veillemag.com Lire la Suite<\/p>\n","protected":false},"author":1,"featured_media":0,"comment_status":"","ping_status":"","sticky":false,"template":"","format":"standard","meta":{"footnotes":""},"categories":[46],"tags":[],"class_list":["post-11462","post","type-post","status-publish","format-standard","hentry","category-veillemag"],"_links":{"self":[{"href":"https:\/\/plateformes-de-veille.org\/index.php\/wp-json\/wp\/v2\/posts\/11462","targetHints":{"allow":["GET"]}}],"collection":[{"href":"https:\/\/plateformes-de-veille.org\/index.php\/wp-json\/wp\/v2\/posts"}],"about":[{"href":"https:\/\/plateformes-de-veille.org\/index.php\/wp-json\/wp\/v2\/types\/post"}],"author":[{"embeddable":true,"href":"https:\/\/plateformes-de-veille.org\/index.php\/wp-json\/wp\/v2\/users\/1"}],"replies":[{"embeddable":true,"href":"https:\/\/plateformes-de-veille.org\/index.php\/wp-json\/wp\/v2\/comments?post=11462"}],"version-history":[{"count":0,"href":"https:\/\/plateformes-de-veille.org\/index.php\/wp-json\/wp\/v2\/posts\/11462\/revisions"}],"wp:attachment":[{"href":"https:\/\/plateformes-de-veille.org\/index.php\/wp-json\/wp\/v2\/media?parent=11462"}],"wp:term":[{"taxonomy":"category","embeddable":true,"href":"https:\/\/plateformes-de-veille.org\/index.php\/wp-json\/wp\/v2\/categories?post=11462"},{"taxonomy":"post_tag","embeddable":true,"href":"https:\/\/plateformes-de-veille.org\/index.php\/wp-json\/wp\/v2\/tags?post=11462"}],"curies":[{"name":"wp","href":"https:\/\/api.w.org\/{rel}","templated":true}]}}