{"id":11262,"date":"2026-01-26T09:32:20","date_gmt":"2026-01-26T08:32:20","guid":{"rendered":"https:\/\/plateformes-de-veille.org\/index.php\/2026\/01\/26\/journee-mondiale-de-leducation-a-lere-de-lia-generative-redonner-sa-place-a-la-raison\/"},"modified":"2026-01-26T09:32:20","modified_gmt":"2026-01-26T08:32:20","slug":"journee-mondiale-de-leducation-a-lere-de-lia-generative-redonner-sa-place-a-la-raison","status":"publish","type":"post","link":"https:\/\/plateformes-de-veille.org\/index.php\/2026\/01\/26\/journee-mondiale-de-leducation-a-lere-de-lia-generative-redonner-sa-place-a-la-raison\/","title":{"rendered":"Journ\u00e9e mondiale de l\u2019\u00e9ducation : \u00e0 l\u2019\u00e8re de l\u2019IA g\u00e9n\u00e9rative, redonner sa place \u00e0 la raison"},"content":{"rendered":"<p>Source : KBcrawl<\/p>\n<p><a href=\"https:\/\/www.kbcrawl.com\/fr\/blog-veille\/journee-mondiale-de-leducation-a-lere-de-lia-generative-redonner-sa-place-a-la-raison\/\" target=\"_blank\" class=\"feedzy-rss-link-icon\">Lire la Suite<\/a><\/p>","protected":false},"excerpt":{"rendered":"<p>Source : KBcrawl Lire la Suite<\/p>\n","protected":false},"author":1,"featured_media":0,"comment_status":"","ping_status":"","sticky":false,"template":"","format":"standard","meta":{"footnotes":""},"categories":[18],"tags":[],"class_list":["post-11262","post","type-post","status-publish","format-standard","hentry","category-kb-crawl"],"_links":{"self":[{"href":"https:\/\/plateformes-de-veille.org\/index.php\/wp-json\/wp\/v2\/posts\/11262","targetHints":{"allow":["GET"]}}],"collection":[{"href":"https:\/\/plateformes-de-veille.org\/index.php\/wp-json\/wp\/v2\/posts"}],"about":[{"href":"https:\/\/plateformes-de-veille.org\/index.php\/wp-json\/wp\/v2\/types\/post"}],"author":[{"embeddable":true,"href":"https:\/\/plateformes-de-veille.org\/index.php\/wp-json\/wp\/v2\/users\/1"}],"replies":[{"embeddable":true,"href":"https:\/\/plateformes-de-veille.org\/index.php\/wp-json\/wp\/v2\/comments?post=11262"}],"version-history":[{"count":0,"href":"https:\/\/plateformes-de-veille.org\/index.php\/wp-json\/wp\/v2\/posts\/11262\/revisions"}],"wp:attachment":[{"href":"https:\/\/plateformes-de-veille.org\/index.php\/wp-json\/wp\/v2\/media?parent=11262"}],"wp:term":[{"taxonomy":"category","embeddable":true,"href":"https:\/\/plateformes-de-veille.org\/index.php\/wp-json\/wp\/v2\/categories?post=11262"},{"taxonomy":"post_tag","embeddable":true,"href":"https:\/\/plateformes-de-veille.org\/index.php\/wp-json\/wp\/v2\/tags?post=11262"}],"curies":[{"name":"wp","href":"https:\/\/api.w.org\/{rel}","templated":true}]}}