{"id":11074,"date":"2025-12-06T11:59:45","date_gmt":"2025-12-06T10:59:45","guid":{"rendered":"https:\/\/plateformes-de-veille.org\/index.php\/2025\/12\/06\/lequilibre-fragile-du-polycentrisme-et-le-defi-europeen\/"},"modified":"2025-12-06T11:59:45","modified_gmt":"2025-12-06T10:59:45","slug":"lequilibre-fragile-du-polycentrisme-et-le-defi-europeen","status":"publish","type":"post","link":"https:\/\/plateformes-de-veille.org\/index.php\/2025\/12\/06\/lequilibre-fragile-du-polycentrisme-et-le-defi-europeen\/","title":{"rendered":"L&rsquo;\u00e9quilibre fragile du polycentrisme et le d\u00e9fi europ\u00e9en."},"content":{"rendered":"<p>Source : www.veillemag.com<\/p>\n<p><a href=\"https:\/\/www.veillemag.com\/L-equilibre-fragile-du-polycentrisme-et-le-defi-europeen_a6699.html\" target=\"_blank\" class=\"feedzy-rss-link-icon\">Lire la Suite<\/a><\/p>","protected":false},"excerpt":{"rendered":"<p>Source : www.veillemag.com Lire la Suite<\/p>\n","protected":false},"author":1,"featured_media":0,"comment_status":"","ping_status":"","sticky":false,"template":"","format":"standard","meta":{"footnotes":""},"categories":[46],"tags":[],"class_list":["post-11074","post","type-post","status-publish","format-standard","hentry","category-veillemag"],"_links":{"self":[{"href":"https:\/\/plateformes-de-veille.org\/index.php\/wp-json\/wp\/v2\/posts\/11074","targetHints":{"allow":["GET"]}}],"collection":[{"href":"https:\/\/plateformes-de-veille.org\/index.php\/wp-json\/wp\/v2\/posts"}],"about":[{"href":"https:\/\/plateformes-de-veille.org\/index.php\/wp-json\/wp\/v2\/types\/post"}],"author":[{"embeddable":true,"href":"https:\/\/plateformes-de-veille.org\/index.php\/wp-json\/wp\/v2\/users\/1"}],"replies":[{"embeddable":true,"href":"https:\/\/plateformes-de-veille.org\/index.php\/wp-json\/wp\/v2\/comments?post=11074"}],"version-history":[{"count":0,"href":"https:\/\/plateformes-de-veille.org\/index.php\/wp-json\/wp\/v2\/posts\/11074\/revisions"}],"wp:attachment":[{"href":"https:\/\/plateformes-de-veille.org\/index.php\/wp-json\/wp\/v2\/media?parent=11074"}],"wp:term":[{"taxonomy":"category","embeddable":true,"href":"https:\/\/plateformes-de-veille.org\/index.php\/wp-json\/wp\/v2\/categories?post=11074"},{"taxonomy":"post_tag","embeddable":true,"href":"https:\/\/plateformes-de-veille.org\/index.php\/wp-json\/wp\/v2\/tags?post=11074"}],"curies":[{"name":"wp","href":"https:\/\/api.w.org\/{rel}","templated":true}]}}