{"id":10872,"date":"2025-10-13T11:11:48","date_gmt":"2025-10-13T09:11:48","guid":{"rendered":"https:\/\/plateformes-de-veille.org\/index.php\/2025\/10\/13\/desinformation-place-a-la-contre-offensive-numerique-le-ministere-de-leurope-et-des-affaires-etrangeres\/"},"modified":"2025-10-13T11:11:48","modified_gmt":"2025-10-13T09:11:48","slug":"desinformation-place-a-la-contre-offensive-numerique-le-ministere-de-leurope-et-des-affaires-etrangeres","status":"publish","type":"post","link":"https:\/\/plateformes-de-veille.org\/index.php\/2025\/10\/13\/desinformation-place-a-la-contre-offensive-numerique-le-ministere-de-leurope-et-des-affaires-etrangeres\/","title":{"rendered":"D\u00e9sinformation. Place \u00e0 la contre-offensive num\u00e9rique. Le minist\u00e8re de l\u2019Europe et des Affaires \u00e9trang\u00e8res"},"content":{"rendered":"<p>Source : www.veillemag.com<\/p>\n<p><a href=\"https:\/\/www.veillemag.com\/Desinformation-Place-a-la-contre-offensive-numerique-Le-ministere-de-l-Europe-et-des-Affaires-etrangeres_a6461.html\" target=\"_blank\" class=\"feedzy-rss-link-icon\">Read More<\/a><\/p>","protected":false},"excerpt":{"rendered":"<p>Source : www.veillemag.com Read More<\/p>\n","protected":false},"author":1,"featured_media":0,"comment_status":"","ping_status":"","sticky":false,"template":"","format":"standard","meta":{"footnotes":""},"categories":[46],"tags":[],"class_list":["post-10872","post","type-post","status-publish","format-standard","hentry","category-veillemag"],"_links":{"self":[{"href":"https:\/\/plateformes-de-veille.org\/index.php\/wp-json\/wp\/v2\/posts\/10872","targetHints":{"allow":["GET"]}}],"collection":[{"href":"https:\/\/plateformes-de-veille.org\/index.php\/wp-json\/wp\/v2\/posts"}],"about":[{"href":"https:\/\/plateformes-de-veille.org\/index.php\/wp-json\/wp\/v2\/types\/post"}],"author":[{"embeddable":true,"href":"https:\/\/plateformes-de-veille.org\/index.php\/wp-json\/wp\/v2\/users\/1"}],"replies":[{"embeddable":true,"href":"https:\/\/plateformes-de-veille.org\/index.php\/wp-json\/wp\/v2\/comments?post=10872"}],"version-history":[{"count":0,"href":"https:\/\/plateformes-de-veille.org\/index.php\/wp-json\/wp\/v2\/posts\/10872\/revisions"}],"wp:attachment":[{"href":"https:\/\/plateformes-de-veille.org\/index.php\/wp-json\/wp\/v2\/media?parent=10872"}],"wp:term":[{"taxonomy":"category","embeddable":true,"href":"https:\/\/plateformes-de-veille.org\/index.php\/wp-json\/wp\/v2\/categories?post=10872"},{"taxonomy":"post_tag","embeddable":true,"href":"https:\/\/plateformes-de-veille.org\/index.php\/wp-json\/wp\/v2\/tags?post=10872"}],"curies":[{"name":"wp","href":"https:\/\/api.w.org\/{rel}","templated":true}]}}