{"id":10839,"date":"2025-10-03T10:59:00","date_gmt":"2025-10-03T08:59:00","guid":{"rendered":"https:\/\/plateformes-de-veille.org\/index.php\/2025\/10\/03\/integrer-le-handicap-invisible-un-levier-economique-et-dimage-pour-les-entreprises-par-stephanie-heddebaut\/"},"modified":"2025-10-03T10:59:00","modified_gmt":"2025-10-03T08:59:00","slug":"integrer-le-handicap-invisible-un-levier-economique-et-dimage-pour-les-entreprises-par-stephanie-heddebaut","status":"publish","type":"post","link":"https:\/\/plateformes-de-veille.org\/index.php\/2025\/10\/03\/integrer-le-handicap-invisible-un-levier-economique-et-dimage-pour-les-entreprises-par-stephanie-heddebaut\/","title":{"rendered":"Int\u00e9grer le handicap invisible : Un levier \u00e9conomique et d&rsquo;image pour les entreprises par St\u00e9phanie Heddebaut"},"content":{"rendered":"<p>Source : www.veillemag.com<\/p>\n<p><a href=\"https:\/\/www.veillemag.com\/Integrer-le-handicap-invisible-Un-levier-economique-et-d-image-pour-les-entreprises-par-Stephanie-Heddebaut_a6413.html\" target=\"_blank\" class=\"feedzy-rss-link-icon\">Read More<\/a><\/p>","protected":false},"excerpt":{"rendered":"<p>Source : www.veillemag.com Read More<\/p>\n","protected":false},"author":1,"featured_media":0,"comment_status":"","ping_status":"","sticky":false,"template":"","format":"standard","meta":{"footnotes":""},"categories":[46],"tags":[],"class_list":["post-10839","post","type-post","status-publish","format-standard","hentry","category-veillemag"],"_links":{"self":[{"href":"https:\/\/plateformes-de-veille.org\/index.php\/wp-json\/wp\/v2\/posts\/10839","targetHints":{"allow":["GET"]}}],"collection":[{"href":"https:\/\/plateformes-de-veille.org\/index.php\/wp-json\/wp\/v2\/posts"}],"about":[{"href":"https:\/\/plateformes-de-veille.org\/index.php\/wp-json\/wp\/v2\/types\/post"}],"author":[{"embeddable":true,"href":"https:\/\/plateformes-de-veille.org\/index.php\/wp-json\/wp\/v2\/users\/1"}],"replies":[{"embeddable":true,"href":"https:\/\/plateformes-de-veille.org\/index.php\/wp-json\/wp\/v2\/comments?post=10839"}],"version-history":[{"count":0,"href":"https:\/\/plateformes-de-veille.org\/index.php\/wp-json\/wp\/v2\/posts\/10839\/revisions"}],"wp:attachment":[{"href":"https:\/\/plateformes-de-veille.org\/index.php\/wp-json\/wp\/v2\/media?parent=10839"}],"wp:term":[{"taxonomy":"category","embeddable":true,"href":"https:\/\/plateformes-de-veille.org\/index.php\/wp-json\/wp\/v2\/categories?post=10839"},{"taxonomy":"post_tag","embeddable":true,"href":"https:\/\/plateformes-de-veille.org\/index.php\/wp-json\/wp\/v2\/tags?post=10839"}],"curies":[{"name":"wp","href":"https:\/\/api.w.org\/{rel}","templated":true}]}}