{"id":10832,"date":"2025-09-30T17:04:53","date_gmt":"2025-09-30T15:04:53","guid":{"rendered":"https:\/\/plateformes-de-veille.org\/index.php\/2025\/09\/30\/regardez-claude-revel-la-doctrine-et-la-liberte-de-parole-au-coeur-de-lintelligence-economique-invitee-dechiquiers-21\/"},"modified":"2025-09-30T17:04:53","modified_gmt":"2025-09-30T15:04:53","slug":"regardez-claude-revel-la-doctrine-et-la-liberte-de-parole-au-coeur-de-lintelligence-economique-invitee-dechiquiers-21","status":"publish","type":"post","link":"https:\/\/plateformes-de-veille.org\/index.php\/2025\/09\/30\/regardez-claude-revel-la-doctrine-et-la-liberte-de-parole-au-coeur-de-lintelligence-economique-invitee-dechiquiers-21\/","title":{"rendered":"Regardez ! Claude Revel : La doctrine et la libert\u00e9 de parole au c\u0153ur de l&rsquo;intelligence \u00e9conomique. Invit\u00e9e d&rsquo;Echiquiers 21."},"content":{"rendered":"<p>Source : www.veillemag.com<\/p>\n<p><a href=\"https:\/\/www.veillemag.com\/Regardez--Claude-Revel-La-doctrine-et-la-liberte-de-parole-au-coeur-de-l-intelligence-economique-Invitee-d-Echiquiers_a6394.html\" target=\"_blank\" class=\"feedzy-rss-link-icon\">Read More<\/a><\/p>","protected":false},"excerpt":{"rendered":"<p>Source : www.veillemag.com Read More<\/p>\n","protected":false},"author":1,"featured_media":0,"comment_status":"","ping_status":"","sticky":false,"template":"","format":"standard","meta":{"footnotes":""},"categories":[46],"tags":[],"class_list":["post-10832","post","type-post","status-publish","format-standard","hentry","category-veillemag"],"_links":{"self":[{"href":"https:\/\/plateformes-de-veille.org\/index.php\/wp-json\/wp\/v2\/posts\/10832","targetHints":{"allow":["GET"]}}],"collection":[{"href":"https:\/\/plateformes-de-veille.org\/index.php\/wp-json\/wp\/v2\/posts"}],"about":[{"href":"https:\/\/plateformes-de-veille.org\/index.php\/wp-json\/wp\/v2\/types\/post"}],"author":[{"embeddable":true,"href":"https:\/\/plateformes-de-veille.org\/index.php\/wp-json\/wp\/v2\/users\/1"}],"replies":[{"embeddable":true,"href":"https:\/\/plateformes-de-veille.org\/index.php\/wp-json\/wp\/v2\/comments?post=10832"}],"version-history":[{"count":0,"href":"https:\/\/plateformes-de-veille.org\/index.php\/wp-json\/wp\/v2\/posts\/10832\/revisions"}],"wp:attachment":[{"href":"https:\/\/plateformes-de-veille.org\/index.php\/wp-json\/wp\/v2\/media?parent=10832"}],"wp:term":[{"taxonomy":"category","embeddable":true,"href":"https:\/\/plateformes-de-veille.org\/index.php\/wp-json\/wp\/v2\/categories?post=10832"},{"taxonomy":"post_tag","embeddable":true,"href":"https:\/\/plateformes-de-veille.org\/index.php\/wp-json\/wp\/v2\/tags?post=10832"}],"curies":[{"name":"wp","href":"https:\/\/api.w.org\/{rel}","templated":true}]}}