{"id":10826,"date":"2025-09-29T10:11:49","date_gmt":"2025-09-29T08:11:49","guid":{"rendered":"https:\/\/plateformes-de-veille.org\/index.php\/2025\/09\/29\/allan-deneuville-auteur-de-copier-coller-le-geste-qui-a-revolutionne-notre-facon-decrire-et-de-penser-linterview\/"},"modified":"2025-09-29T10:11:49","modified_gmt":"2025-09-29T08:11:49","slug":"allan-deneuville-auteur-de-copier-coller-le-geste-qui-a-revolutionne-notre-facon-decrire-et-de-penser-linterview","status":"publish","type":"post","link":"https:\/\/plateformes-de-veille.org\/index.php\/2025\/09\/29\/allan-deneuville-auteur-de-copier-coller-le-geste-qui-a-revolutionne-notre-facon-decrire-et-de-penser-linterview\/","title":{"rendered":"Allan Deneuville auteur de \u00ab\u00a0Copier-coller : le geste qui a r\u00e9volutionn\u00e9 notre fa\u00e7on d\u2019\u00e9crire et de penser\u00a0\u00bb, l&rsquo;interview"},"content":{"rendered":"<p>Source : www.veillemag.com<\/p>\n<p><a href=\"https:\/\/www.veillemag.com\/Allan-Deneuville-auteur-de-Copier-coller-le-geste-qui-a-revolutionne-notre-facon-d-ecrire-et-de-penser--l-interview_a6403.html\" target=\"_blank\" class=\"feedzy-rss-link-icon\">Read More<\/a><\/p>","protected":false},"excerpt":{"rendered":"<p>Source : www.veillemag.com Read More<\/p>\n","protected":false},"author":1,"featured_media":0,"comment_status":"","ping_status":"","sticky":false,"template":"","format":"standard","meta":{"footnotes":""},"categories":[46],"tags":[],"class_list":["post-10826","post","type-post","status-publish","format-standard","hentry","category-veillemag"],"_links":{"self":[{"href":"https:\/\/plateformes-de-veille.org\/index.php\/wp-json\/wp\/v2\/posts\/10826","targetHints":{"allow":["GET"]}}],"collection":[{"href":"https:\/\/plateformes-de-veille.org\/index.php\/wp-json\/wp\/v2\/posts"}],"about":[{"href":"https:\/\/plateformes-de-veille.org\/index.php\/wp-json\/wp\/v2\/types\/post"}],"author":[{"embeddable":true,"href":"https:\/\/plateformes-de-veille.org\/index.php\/wp-json\/wp\/v2\/users\/1"}],"replies":[{"embeddable":true,"href":"https:\/\/plateformes-de-veille.org\/index.php\/wp-json\/wp\/v2\/comments?post=10826"}],"version-history":[{"count":0,"href":"https:\/\/plateformes-de-veille.org\/index.php\/wp-json\/wp\/v2\/posts\/10826\/revisions"}],"wp:attachment":[{"href":"https:\/\/plateformes-de-veille.org\/index.php\/wp-json\/wp\/v2\/media?parent=10826"}],"wp:term":[{"taxonomy":"category","embeddable":true,"href":"https:\/\/plateformes-de-veille.org\/index.php\/wp-json\/wp\/v2\/categories?post=10826"},{"taxonomy":"post_tag","embeddable":true,"href":"https:\/\/plateformes-de-veille.org\/index.php\/wp-json\/wp\/v2\/tags?post=10826"}],"curies":[{"name":"wp","href":"https:\/\/api.w.org\/{rel}","templated":true}]}}