{"id":10696,"date":"2025-08-10T10:11:52","date_gmt":"2025-08-10T08:11:52","guid":{"rendered":"https:\/\/plateformes-de-veille.org\/index.php\/2025\/08\/10\/sante-ouvrir-la-prescription-des-analyses-genetiques-pour-mieux-soigner-par-jean-marie-carrara-jan-cedric-hansen\/"},"modified":"2025-08-10T10:11:52","modified_gmt":"2025-08-10T08:11:52","slug":"sante-ouvrir-la-prescription-des-analyses-genetiques-pour-mieux-soigner-par-jean-marie-carrara-jan-cedric-hansen","status":"publish","type":"post","link":"https:\/\/plateformes-de-veille.org\/index.php\/2025\/08\/10\/sante-ouvrir-la-prescription-des-analyses-genetiques-pour-mieux-soigner-par-jean-marie-carrara-jan-cedric-hansen\/","title":{"rendered":"Sant\u00e9 &#8211; Ouvrir la prescription des analyses g\u00e9n\u00e9tiques pour mieux soigner. Par Jean-Marie Carrara &amp; Jan-C\u00e9dric Hansen"},"content":{"rendered":"<p>Source : www.veillemag.com<\/p>\n<p><a href=\"https:\/\/www.veillemag.com\/Sante-Ouvrir-la-prescription-des-analyses-genetiques-pour-mieux-soigner-Par-Jean-Marie-Carrara-Jan-Cedric-Hansen_a6234.html\" target=\"_blank\" class=\"feedzy-rss-link-icon\">Read More<\/a><\/p>","protected":false},"excerpt":{"rendered":"<p>Source : www.veillemag.com Read More<\/p>\n","protected":false},"author":1,"featured_media":0,"comment_status":"","ping_status":"","sticky":false,"template":"","format":"standard","meta":{"footnotes":""},"categories":[46],"tags":[],"class_list":["post-10696","post","type-post","status-publish","format-standard","hentry","category-veillemag"],"_links":{"self":[{"href":"https:\/\/plateformes-de-veille.org\/index.php\/wp-json\/wp\/v2\/posts\/10696","targetHints":{"allow":["GET"]}}],"collection":[{"href":"https:\/\/plateformes-de-veille.org\/index.php\/wp-json\/wp\/v2\/posts"}],"about":[{"href":"https:\/\/plateformes-de-veille.org\/index.php\/wp-json\/wp\/v2\/types\/post"}],"author":[{"embeddable":true,"href":"https:\/\/plateformes-de-veille.org\/index.php\/wp-json\/wp\/v2\/users\/1"}],"replies":[{"embeddable":true,"href":"https:\/\/plateformes-de-veille.org\/index.php\/wp-json\/wp\/v2\/comments?post=10696"}],"version-history":[{"count":0,"href":"https:\/\/plateformes-de-veille.org\/index.php\/wp-json\/wp\/v2\/posts\/10696\/revisions"}],"wp:attachment":[{"href":"https:\/\/plateformes-de-veille.org\/index.php\/wp-json\/wp\/v2\/media?parent=10696"}],"wp:term":[{"taxonomy":"category","embeddable":true,"href":"https:\/\/plateformes-de-veille.org\/index.php\/wp-json\/wp\/v2\/categories?post=10696"},{"taxonomy":"post_tag","embeddable":true,"href":"https:\/\/plateformes-de-veille.org\/index.php\/wp-json\/wp\/v2\/tags?post=10696"}],"curies":[{"name":"wp","href":"https:\/\/api.w.org\/{rel}","templated":true}]}}