{"id":10556,"date":"2025-07-22T13:12:01","date_gmt":"2025-07-22T11:12:01","guid":{"rendered":"https:\/\/plateformes-de-veille.org\/index.php\/2025\/07\/22\/rapport-denquete-les-organisations-francaises-face-a-la-gestion-des-connaissances-alfeo\/"},"modified":"2025-07-22T13:12:01","modified_gmt":"2025-07-22T11:12:01","slug":"rapport-denquete-les-organisations-francaises-face-a-la-gestion-des-connaissances-alfeo","status":"publish","type":"post","link":"https:\/\/plateformes-de-veille.org\/index.php\/2025\/07\/22\/rapport-denquete-les-organisations-francaises-face-a-la-gestion-des-connaissances-alfeo\/","title":{"rendered":"Rapport d&rsquo;Enqu\u00eate : Les organisations fran\u00e7aises face \u00e0 la gestion des connaissances. ALFEO"},"content":{"rendered":"<p>Source : www.veillemag.com<\/p>\n<p><a href=\"https:\/\/www.veillemag.com\/Rapport-d-Enquete-Les-organisations-francaises-face-a-la-gestion-des-connaissances-ALFEO_a6186.html\" target=\"_blank\" class=\"feedzy-rss-link-icon\">Read More<\/a><\/p>","protected":false},"excerpt":{"rendered":"<p>Source : www.veillemag.com Read More<\/p>\n","protected":false},"author":1,"featured_media":0,"comment_status":"","ping_status":"","sticky":false,"template":"","format":"standard","meta":{"footnotes":""},"categories":[46],"tags":[],"class_list":["post-10556","post","type-post","status-publish","format-standard","hentry","category-veillemag"],"_links":{"self":[{"href":"https:\/\/plateformes-de-veille.org\/index.php\/wp-json\/wp\/v2\/posts\/10556","targetHints":{"allow":["GET"]}}],"collection":[{"href":"https:\/\/plateformes-de-veille.org\/index.php\/wp-json\/wp\/v2\/posts"}],"about":[{"href":"https:\/\/plateformes-de-veille.org\/index.php\/wp-json\/wp\/v2\/types\/post"}],"author":[{"embeddable":true,"href":"https:\/\/plateformes-de-veille.org\/index.php\/wp-json\/wp\/v2\/users\/1"}],"replies":[{"embeddable":true,"href":"https:\/\/plateformes-de-veille.org\/index.php\/wp-json\/wp\/v2\/comments?post=10556"}],"version-history":[{"count":0,"href":"https:\/\/plateformes-de-veille.org\/index.php\/wp-json\/wp\/v2\/posts\/10556\/revisions"}],"wp:attachment":[{"href":"https:\/\/plateformes-de-veille.org\/index.php\/wp-json\/wp\/v2\/media?parent=10556"}],"wp:term":[{"taxonomy":"category","embeddable":true,"href":"https:\/\/plateformes-de-veille.org\/index.php\/wp-json\/wp\/v2\/categories?post=10556"},{"taxonomy":"post_tag","embeddable":true,"href":"https:\/\/plateformes-de-veille.org\/index.php\/wp-json\/wp\/v2\/tags?post=10556"}],"curies":[{"name":"wp","href":"https:\/\/api.w.org\/{rel}","templated":true}]}}