{"id":10454,"date":"2025-07-09T16:11:54","date_gmt":"2025-07-09T14:11:54","guid":{"rendered":"https:\/\/plateformes-de-veille.org\/index.php\/2025\/07\/09\/jeoffrey-celestin-urbain-campus-cyber-le-campus-cyber-assumera-une-ligne-tres-marquee-en-termes-de-souverainete-numerique\/"},"modified":"2025-07-09T16:11:54","modified_gmt":"2025-07-09T14:11:54","slug":"jeoffrey-celestin-urbain-campus-cyber-le-campus-cyber-assumera-une-ligne-tres-marquee-en-termes-de-souverainete-numerique","status":"publish","type":"post","link":"https:\/\/plateformes-de-veille.org\/index.php\/2025\/07\/09\/jeoffrey-celestin-urbain-campus-cyber-le-campus-cyber-assumera-une-ligne-tres-marquee-en-termes-de-souverainete-numerique\/","title":{"rendered":"Jeoffrey C\u00e9lestin-Urbain (Campus Cyber)\u00a0:\u00a0\u00ab\u00a0Le Campus Cyber assumera une ligne tr\u00e8s marqu\u00e9e en termes de souverainet\u00e9 num\u00e9rique\u00a0\u00bb"},"content":{"rendered":"<p>Source : Flux rss &#8211; Veille m\u00e9tier MB via documentation-renseignements on Inoreader<\/p>\n<p><a href=\"https:\/\/www.journaldunet.com\/cybersecurite\/1543071-jeoffrey-celestin-urbain-campus-cyber-le-campus-cyber-assumera-une-ligne-tres-marquee-en-termes-de-souverainete-numerique\/\" target=\"_blank\" class=\"feedzy-rss-link-icon\">Read More<\/a><\/p>","protected":false},"excerpt":{"rendered":"<p>Source : Flux rss &#8211; Veille m\u00e9tier MB via documentation-renseignements on Inoreader Read More<\/p>\n","protected":false},"author":1,"featured_media":0,"comment_status":"","ping_status":"","sticky":false,"template":"","format":"standard","meta":{"footnotes":""},"categories":[47],"tags":[],"class_list":["post-10454","post","type-post","status-publish","format-standard","hentry","category-veille-de-mathieu"],"_links":{"self":[{"href":"https:\/\/plateformes-de-veille.org\/index.php\/wp-json\/wp\/v2\/posts\/10454","targetHints":{"allow":["GET"]}}],"collection":[{"href":"https:\/\/plateformes-de-veille.org\/index.php\/wp-json\/wp\/v2\/posts"}],"about":[{"href":"https:\/\/plateformes-de-veille.org\/index.php\/wp-json\/wp\/v2\/types\/post"}],"author":[{"embeddable":true,"href":"https:\/\/plateformes-de-veille.org\/index.php\/wp-json\/wp\/v2\/users\/1"}],"replies":[{"embeddable":true,"href":"https:\/\/plateformes-de-veille.org\/index.php\/wp-json\/wp\/v2\/comments?post=10454"}],"version-history":[{"count":0,"href":"https:\/\/plateformes-de-veille.org\/index.php\/wp-json\/wp\/v2\/posts\/10454\/revisions"}],"wp:attachment":[{"href":"https:\/\/plateformes-de-veille.org\/index.php\/wp-json\/wp\/v2\/media?parent=10454"}],"wp:term":[{"taxonomy":"category","embeddable":true,"href":"https:\/\/plateformes-de-veille.org\/index.php\/wp-json\/wp\/v2\/categories?post=10454"},{"taxonomy":"post_tag","embeddable":true,"href":"https:\/\/plateformes-de-veille.org\/index.php\/wp-json\/wp\/v2\/tags?post=10454"}],"curies":[{"name":"wp","href":"https:\/\/api.w.org\/{rel}","templated":true}]}}